{"id":1217,"date":"2011-07-13T06:23:45","date_gmt":"2011-07-13T06:23:45","guid":{"rendered":"http:\/\/saaleschwimmerhalle.de\/?p=1217"},"modified":"2011-07-20T07:25:13","modified_gmt":"2011-07-20T07:25:13","slug":"beitrage-zum-5-int-saaleschwimmen","status":"publish","type":"post","link":"https:\/\/saaleschwimmerhalle.de\/?p=1217","title":{"rendered":"Beitr\u00e4ge zum 5. Int. Saaleschwimmen 2011"},"content":{"rendered":"<div id=\"attachment_1264\" style=\"width: 678px\" class=\"wp-caption alignleft\"><a href=\"http:\/\/saaleschwimmerhalle.de\/?attachment_id=1264\" rel=\"attachment wp-att-1264\"><img loading=\"lazy\" decoding=\"async\" aria-describedby=\"caption-attachment-1264\" class=\"size-large wp-image-1264\" title=\"DSC_0669\" src=\"http:\/\/saaleschwimmerhalle.de\/wp-content\/uploads\/2011\/07\/DSC_0669-1024x680.jpg\" alt=\"\" width=\"668\" height=\"427\" \/><\/a><p id=\"caption-attachment-1264\" class=\"wp-caption-text\">5. Int. Saaleschwimmen 2011 Foto B. Hammelmann<\/p><\/div>\n<p>&nbsp;<\/p>\n<p>&nbsp;<\/p>\n<p><strong>Video-Beitrag TV Halle zum 5. Int. Saaleschwimmen unter:<\/strong><\/p>\n<p><a href=\"http:\/\/www.youtube.com\/watch?v=vUSvKSSKrsQ\">http:\/\/www.youtube.com\/watch?v=vUSvKSSKrsQ<\/a>\u00a0 oder<\/p>\n<p><a href=\"http:\/\/www.facebook.com\/Saaleschwimmer\">http:\/\/www.facebook.com\/Saaleschwimmer<\/a><\/p>\n<p><strong>Beitrag Halle-Forum unter<\/strong>:<a href=\"http:\/\/www.halleforum.de\/Halle-Nachrichten\/Wettkampf-Paul-Drobny-gewinnt-das-5.-Saaleschwimmen\/32637\">http:\/\/www.halleforum.de\/Halle-Nachrichten\/Wettkampf-Paul-Drobny-gewinnt-das-5.-Saaleschwimmen\/32637<\/a><\/p>\n<p><strong>Bilder vom 5. Saaleschwimmen unter<\/strong>:<a href=\"http:\/\/www.facebook.com\/home.php#!\/media\/set\/?set=a.215339538511519.58459.138129812899159\">http:\/\/www.facebook.com\/home.php#!\/media\/set\/?set=a.215339538511519.58459.138129812899159<\/a><\/p>\n<p><strong>G\u00e4stebuch-Eintr\u00e4ge unter: <\/strong><a href=\"http:\/\/saaleschwimmerhalle.de\/?page_id=252\">http:\/\/saaleschwimmerhalle.de\/?page_id=252<\/a><\/p>\n<div><strong>Carsten Baukus<\/strong><\/div>\n<div>Hallo, mir hat es in Halle sehr gut gefallen. Eine glatte Note &#8222;1&#8220;. Und eine &#8222;1+&#8220; g\u00e4be es noch,<br \/>\nwenn die Musik ein wenig anders w\u00e4re, aber das ist ja subjektive Geschmackssache\u00a0.<\/div>\n<div>Auch sind die Handt\u00fccher besser als die beim Sundschwimmen, das ist einhellige Meinung!!! \ud83d\ude42<img decoding=\"async\" src=\"http:\/\/static.ak.fbcdn.net\/images\/blank.gif\" alt=\":-)\" \/><br \/>\nBeste Gr\u00fc\u00dfe von Carsten.<\/div>\n<div><strong>Robert K\u00fchnl<\/strong><\/div>\n<div>Wie jedes Jahr eine tolle Veranstaltung und top Organisation \ud83d\ude42 mach weiter so<br \/>\nund nat\u00fcrlich dein ganzes Team, dann haben wir auch bald 1000 Anmeldungen wie<br \/>\nbeim Sundschwimmen\u201c<\/div>\n<div>\n<p><strong>Karl Burkhardt<\/strong><\/p>\n<p>Nochmal -DANKE- die Saale h\u00f6rt wieder uns.\u00a0\u00a0Wer h\u00e4tte dies gedacht !<\/p>\n<div>\n<p><strong>Hans-Joachim Hajeck<\/strong><\/p>\n<p>Hallo,<br \/>\nKlaus-Dieter, hier einige Gedanken zum 5.Int. Saaleschwimmen:<\/p>\n<p>09.07.2011 &#8211;<br \/>\nalles ist unruhig oder ist es Betriebsamkeit vor dem Start von neuer Startposition und erwarteten 250 Teilnehmern.<br \/>\nLeider wurden nicht so viel Starter gez\u00e4hlt, aber aufregend war es trotzdem vor<br \/>\nallem f\u00fcr die Vorjahressieger und die Neulinge. Ein &#8222;Neuling&#8220; wurde<br \/>\nsogar erster in der Altersklasse. Sie wollte wissen, was man beachten sollte<br \/>\nund war erstaunt, dass wir ihr nur geraten haben einfach loszuschwimmen, wie<br \/>\ndas \u00fcbrigens alle anderen 182 auch machten, mit unterschiedlichem Erfolg, aber<br \/>\nmit einer Hochachtung f\u00fcr unsere Saale.<\/p>\n<p>Sch\u00f6n war, dass die Halloren unsere Einladung angenommen haben und mit einer Mannschaft an<br \/>\nden Start gingen. Bei den sommerlichen Temperaturen war es f\u00fcr den<br \/>\nTrachtentr\u00e4ger der Halloren auch ohne Einstieg in die Saale eine zus\u00e4tzliche<br \/>\nHerausforderung.<\/p>\n<p>Schade, dass Infra Leuna oder die Dow Schkopau wenig Interesse zeigte. Wir wollen doch<br \/>\ngemeinsam f\u00fcr eine &#8222;neue&#8220; saubere Saale demonstrieren. Nun das<br \/>\n6.Saaleschwimmen wird bereits vorbereitet und wir rufen alle Hallenser und alle<br \/>\nFreunde der Saale auf, uns mit Gedanken und Anregungen zu unterst\u00fctzen.<\/p>\n<p>Zum Schluss ein Dankesch\u00f6n f\u00fcr den Cheforganisator Klaus-Dieter Gerlang und allen flei\u00dfigen<br \/>\nHelfern vom USV und dem Saaleschwimmer e.V.<\/p>\n<p>So Klaus-Dieter, vielleicht kannst Du hiervon etwas f\u00fcr unsere Homepage verwenden.<\/p>\n<p>Tsch\u00fcssi bis zum n\u00e4chsten Training sagen Ole, Barbara und Hajo.<\/p>\n<p>&nbsp;<\/p>\n<\/div>\n<div><\/div>\n<div><\/div>\n<div id=\"attachment_1267\" style=\"width: 719px\" class=\"wp-caption alignleft\"><a href=\"http:\/\/saaleschwimmerhalle.de\/?attachment_id=1267\" rel=\"attachment wp-att-1267\"><img loading=\"lazy\" decoding=\"async\" aria-describedby=\"caption-attachment-1267\" class=\"size-large wp-image-1267\" title=\"5. Int. Saaleschwimmen 2011\" src=\"http:\/\/saaleschwimmerhalle.de\/wp-content\/uploads\/2011\/07\/DSC_0710-1024x680.jpg\" alt=\"\" width=\"709\" height=\"402\" \/><\/a><p id=\"caption-attachment-1267\" class=\"wp-caption-text\">5. Int. Saaleschwimmen 2011 Foto B. Hammelmann<\/p><\/div>\n<\/div>\n","protected":false},"excerpt":{"rendered":"<p>&nbsp; &nbsp; Video-Beitrag TV Halle zum 5. Int. Saaleschwimmen unter: http:\/\/www.youtube.com\/watch?v=vUSvKSSKrsQ\u00a0 oder http:\/\/www.facebook.com\/Saaleschwimmer Beitrag Halle-Forum unter:http:\/\/www.halleforum.de\/Halle-Nachrichten\/Wettkampf-Paul-Drobny-gewinnt-das-5.-Saaleschwimmen\/32637 Bilder vom 5. Saaleschwimmen unter:http:\/\/www.facebook.com\/home.php#!\/media\/set\/?set=a.215339538511519.58459.138129812899159 G\u00e4stebuch-Eintr\u00e4ge unter: http:\/\/saaleschwimmerhalle.de\/?page_id=252 Carsten Baukus Hallo, mir hat es in Halle sehr gut gefallen. Eine glatte Note &#8222;1&#8220;. Und eine &#8222;1+&#8220; g\u00e4be es noch, wenn die Musik ein wenig anders w\u00e4re, aber das ist [&hellip;]<\/p>\n","protected":false},"author":2,"featured_media":0,"comment_status":"open","ping_status":"open","sticky":false,"template":"","format":"standard","meta":{"footnotes":""},"categories":[19],"tags":[],"class_list":["post-1217","post","type-post","status-publish","format-standard","hentry","category-6-internationales-saaleschwimmen-2012"],"_links":{"self":[{"href":"https:\/\/saaleschwimmerhalle.de\/index.php?rest_route=\/wp\/v2\/posts\/1217","targetHints":{"allow":["GET"]}}],"collection":[{"href":"https:\/\/saaleschwimmerhalle.de\/index.php?rest_route=\/wp\/v2\/posts"}],"about":[{"href":"https:\/\/saaleschwimmerhalle.de\/index.php?rest_route=\/wp\/v2\/types\/post"}],"author":[{"embeddable":true,"href":"https:\/\/saaleschwimmerhalle.de\/index.php?rest_route=\/wp\/v2\/users\/2"}],"replies":[{"embeddable":true,"href":"https:\/\/saaleschwimmerhalle.de\/index.php?rest_route=%2Fwp%2Fv2%2Fcomments&post=1217"}],"version-history":[{"count":0,"href":"https:\/\/saaleschwimmerhalle.de\/index.php?rest_route=\/wp\/v2\/posts\/1217\/revisions"}],"wp:attachment":[{"href":"https:\/\/saaleschwimmerhalle.de\/index.php?rest_route=%2Fwp%2Fv2%2Fmedia&parent=1217"}],"wp:term":[{"taxonomy":"category","embeddable":true,"href":"https:\/\/saaleschwimmerhalle.de\/index.php?rest_route=%2Fwp%2Fv2%2Fcategories&post=1217"},{"taxonomy":"post_tag","embeddable":true,"href":"https:\/\/saaleschwimmerhalle.de\/index.php?rest_route=%2Fwp%2Fv2%2Ftags&post=1217"}],"curies":[{"name":"wp","href":"https:\/\/api.w.org\/{rel}","templated":true}]}}