{"id":7106,"date":"2016-02-20T20:34:32","date_gmt":"2016-02-20T19:34:32","guid":{"rendered":"http:\/\/saaleschwimmerhalle.de\/?p=7106"},"modified":"2016-02-22T17:28:12","modified_gmt":"2016-02-22T16:28:12","slug":"saaleschwimmer-beim-100-jaehrigen-stadtbad-jubilaeum","status":"publish","type":"post","link":"https:\/\/saaleschwimmerhalle.de\/?p=7106","title":{"rendered":"Saaleschwimmer beim 100-j\u00e4hrigen Stadtbad Jubil\u00e4um"},"content":{"rendered":"<p>Die Saaleschwimmer beteiligten sich mit einer Spassstaffel beim 100-j\u00e4hrigen Stadtbad Jubil\u00e4um in Halle.<\/p>\n<p>&nbsp;<\/p>\n<p><a href=\"http:\/\/saaleschwimmerhalle.de\/?attachment_id=7107\" rel=\"attachment wp-att-7107\"><img loading=\"lazy\" decoding=\"async\" class=\" wp-image-7107 aligncenter\" src=\"http:\/\/saaleschwimmerhalle.de\/wp-content\/uploads\/2016\/02\/IMG_1795-1024x768.jpg\" alt=\"IMG_1795\" width=\"666\" height=\"499\" srcset=\"https:\/\/saaleschwimmerhalle.de\/wp-content\/uploads\/2016\/02\/IMG_1795-1024x768.jpg 1024w, https:\/\/saaleschwimmerhalle.de\/wp-content\/uploads\/2016\/02\/IMG_1795-100x75.jpg 100w, https:\/\/saaleschwimmerhalle.de\/wp-content\/uploads\/2016\/02\/IMG_1795-300x225.jpg 300w, https:\/\/saaleschwimmerhalle.de\/wp-content\/uploads\/2016\/02\/IMG_1795-768x576.jpg 768w\" sizes=\"auto, (max-width: 666px) 100vw, 666px\" \/><\/a><\/p>\n<div id=\"attachment_7112\" style=\"width: 490px\" class=\"wp-caption aligncenter\"><a href=\"http:\/\/saaleschwimmerhalle.de\/?attachment_id=7112\" rel=\"attachment wp-att-7112\"><img loading=\"lazy\" decoding=\"async\" aria-describedby=\"caption-attachment-7112\" class=\"wp-image-7112 size-full\" src=\"http:\/\/saaleschwimmerhalle.de\/wp-content\/uploads\/2016\/02\/Paul-Basso.jpg\" alt=\"Paul &amp; Basso\" width=\"480\" height=\"373\" srcset=\"https:\/\/saaleschwimmerhalle.de\/wp-content\/uploads\/2016\/02\/Paul-Basso.jpg 480w, https:\/\/saaleschwimmerhalle.de\/wp-content\/uploads\/2016\/02\/Paul-Basso-100x78.jpg 100w, https:\/\/saaleschwimmerhalle.de\/wp-content\/uploads\/2016\/02\/Paul-Basso-300x233.jpg 300w\" sizes=\"auto, (max-width: 480px) 100vw, 480px\" \/><\/a><p id=\"caption-attachment-7112\" class=\"wp-caption-text\">Paul &amp; Basso Foto Silvio Kison<\/p><\/div>\n","protected":false},"excerpt":{"rendered":"<p>Die Saaleschwimmer beteiligten sich mit einer Spassstaffel beim 100-j\u00e4hrigen Stadtbad Jubil\u00e4um in Halle. &nbsp;<\/p>\n","protected":false},"author":2,"featured_media":0,"comment_status":"open","ping_status":"open","sticky":false,"template":"","format":"standard","meta":{"footnotes":""},"categories":[3,40,4,5],"tags":[],"class_list":["post-7106","post","type-post","status-publish","format-standard","hentry","category-openwater","category-gesundheit","category-saaleschwimmer","category-saaleschwimmen"],"_links":{"self":[{"href":"https:\/\/saaleschwimmerhalle.de\/index.php?rest_route=\/wp\/v2\/posts\/7106","targetHints":{"allow":["GET"]}}],"collection":[{"href":"https:\/\/saaleschwimmerhalle.de\/index.php?rest_route=\/wp\/v2\/posts"}],"about":[{"href":"https:\/\/saaleschwimmerhalle.de\/index.php?rest_route=\/wp\/v2\/types\/post"}],"author":[{"embeddable":true,"href":"https:\/\/saaleschwimmerhalle.de\/index.php?rest_route=\/wp\/v2\/users\/2"}],"replies":[{"embeddable":true,"href":"https:\/\/saaleschwimmerhalle.de\/index.php?rest_route=%2Fwp%2Fv2%2Fcomments&post=7106"}],"version-history":[{"count":0,"href":"https:\/\/saaleschwimmerhalle.de\/index.php?rest_route=\/wp\/v2\/posts\/7106\/revisions"}],"wp:attachment":[{"href":"https:\/\/saaleschwimmerhalle.de\/index.php?rest_route=%2Fwp%2Fv2%2Fmedia&parent=7106"}],"wp:term":[{"taxonomy":"category","embeddable":true,"href":"https:\/\/saaleschwimmerhalle.de\/index.php?rest_route=%2Fwp%2Fv2%2Fcategories&post=7106"},{"taxonomy":"post_tag","embeddable":true,"href":"https:\/\/saaleschwimmerhalle.de\/index.php?rest_route=%2Fwp%2Fv2%2Ftags&post=7106"}],"curies":[{"name":"wp","href":"https:\/\/api.w.org\/{rel}","templated":true}]}}